{"id":2621,"date":"2021-04-04T10:12:00","date_gmt":"2021-04-04T10:12:00","guid":{"rendered":"https:\/\/radioespoir.ci\/lacolombe\/?p=2621"},"modified":"2021-04-22T10:18:20","modified_gmt":"2021-04-22T10:18:20","slug":"entre-jeunes-et-jeunesses","status":"publish","type":"post","link":"https:\/\/radioespoir.ci\/lacolombe\/2021\/04\/04\/entre-jeunes-et-jeunesses\/","title":{"rendered":"Entre Jeunes et Jeunesses"},"content":{"rendered":"\n<p>Voici quelques ann\u00e9es que la jeunesse est focalis\u00e9e par Monseigneur Raymond Ahoua, \u00e9v\u00eaque du dioc\u00e8se de Grand-Bassam. Le p\u00e8lerinage, qui est consacr\u00e9 \u00e0 la frange la plus socialement d\u00e9licate, est \u00e0 sa neuvi\u00e8me \u00e9dition. C\u2019est un bon moment qui permet de faire un bilan afin de booster la dynamique de l\u2019accompagnement des jeunes ou de r\u00e9orienter le tir si besoin est.<br>Petit \u00e0 petit, on voit que les jeunes prennent des responsabilit\u00e9s dans la soci\u00e9t\u00e9 et dans l\u2019\u00e9glise. Et c&rsquo;est bien. La mont\u00e9e de l\u2019engouement des jeunes \u00e0 assumer leur responsabilit\u00e9 devrait amener les adultes, responsables de communaut\u00e9s ou encore simples membres \u00e0 se poser les bonnes questions afin de red\u00e9finir le profil idoine sous lequel il faut percevoir la jeunesse contemporaine.<br>Qui est jeune aujourd\u2019hui ? De quel \u00e2ge \u00e0 quel \u00e2ge est-on consid\u00e9r\u00e9 comme jeune ? Qu\u2019attend-on concr\u00e8tement du jeune dans l\u2019\u00e9glise et la soci\u00e9t\u00e9 ? Quelles sont les forces et les faiblesses de la jeunesse catholique et non catholique ? Etc\u2026 Les interrogations ne sont pas exhaustives. On entend \u00e7a et l\u00e0, des &#8230; Lire la suite dans<a href=\"https:\/\/radioespoir.ci\/lacolombe\/produit\/la-colombe-n-208-avril-2021-pdf\/\"> La Colombe N\u00b0208 \u2013 AVRIL 2021 (PDF)<\/a><\/p>\n","protected":false},"excerpt":{"rendered":"<p>Voici quelques ann\u00e9es que la jeunesse est focalis\u00e9e par Monseigneur Raymond Ahoua, \u00e9v\u00eaque du dioc\u00e8se de Grand-Bassam. Le p\u00e8lerinage, qui<\/p>\n","protected":false},"author":1,"featured_media":2077,"comment_status":"open","ping_status":"open","sticky":false,"template":"","format":"standard","meta":{"footnotes":""},"categories":[62],"tags":[84],"class_list":["post-2621","post","type-post","status-publish","format-standard","has-post-thumbnail","hentry","category-editorial","tag-la-colombe-n-208-avril-2021-pdf"],"jetpack_featured_media_url":"https:\/\/radioespoir.ci\/lacolombe\/wp-content\/uploads\/2020\/12\/Pere_Lambert_Yedo_Lath.jpg","_links":{"self":[{"href":"https:\/\/radioespoir.ci\/lacolombe\/wp-json\/wp\/v2\/posts\/2621","targetHints":{"allow":["GET"]}}],"collection":[{"href":"https:\/\/radioespoir.ci\/lacolombe\/wp-json\/wp\/v2\/posts"}],"about":[{"href":"https:\/\/radioespoir.ci\/lacolombe\/wp-json\/wp\/v2\/types\/post"}],"author":[{"embeddable":true,"href":"https:\/\/radioespoir.ci\/lacolombe\/wp-json\/wp\/v2\/users\/1"}],"replies":[{"embeddable":true,"href":"https:\/\/radioespoir.ci\/lacolombe\/wp-json\/wp\/v2\/comments?post=2621"}],"version-history":[{"count":2,"href":"https:\/\/radioespoir.ci\/lacolombe\/wp-json\/wp\/v2\/posts\/2621\/revisions"}],"predecessor-version":[{"id":2624,"href":"https:\/\/radioespoir.ci\/lacolombe\/wp-json\/wp\/v2\/posts\/2621\/revisions\/2624"}],"wp:featuredmedia":[{"embeddable":true,"href":"https:\/\/radioespoir.ci\/lacolombe\/wp-json\/wp\/v2\/media\/2077"}],"wp:attachment":[{"href":"https:\/\/radioespoir.ci\/lacolombe\/wp-json\/wp\/v2\/media?parent=2621"}],"wp:term":[{"taxonomy":"category","embeddable":true,"href":"https:\/\/radioespoir.ci\/lacolombe\/wp-json\/wp\/v2\/categories?post=2621"},{"taxonomy":"post_tag","embeddable":true,"href":"https:\/\/radioespoir.ci\/lacolombe\/wp-json\/wp\/v2\/tags?post=2621"}],"curies":[{"name":"wp","href":"https:\/\/api.w.org\/{rel}","templated":true}]}}