{"id":2207,"date":"2020-12-02T22:42:00","date_gmt":"2020-12-02T22:42:00","guid":{"rendered":"https:\/\/radioespoir.ci\/lacolombe\/?p=2207"},"modified":"2020-12-24T23:18:07","modified_gmt":"2020-12-24T23:18:07","slug":"periode-de-fetes-de-fin-dannee-plaisir-bonheur-et-joie-mieux-comprendre-pour-mieux-les-vivre","status":"publish","type":"post","link":"https:\/\/radioespoir.ci\/lacolombe\/2020\/12\/02\/periode-de-fetes-de-fin-dannee-plaisir-bonheur-et-joie-mieux-comprendre-pour-mieux-les-vivre\/","title":{"rendered":"P\u00e9riode de f\u00eates de fin d&rsquo;ann\u00e9e \/ Plaisir, Bonheur et Joie: Mieux comprendre pour mieux les vivre"},"content":{"rendered":"\n<p class=\"has-text-align-justify\"><em><strong>En cette fin d\u2019ann\u00e9e, nous recevrons de nos parents, amis et connaissances des v\u0153ux pour une nouvelle ann\u00e9e prometteuse. Ces v\u0153ux tourneront autour de la sant\u00e9, du succ\u00e8s, de la prosp\u00e9rit\u00e9 et du bonheur. Mais de quel bonheur parlons-nous aujourd\u2019hui, lorsque dans nos soci\u00e9t\u00e9s modernes et civilis\u00e9es, nous avons de plus en plus de personnes frustr\u00e9es, peu \u00e9panouies, moroses, d\u00e9pressives et d\u00e9prim\u00e9es avec des maladies chroniques et des tendances suicidaires\u2026<\/strong><\/em><\/p>\n\n\n\n<p class=\"has-text-align-justify\">Bonheur, plaisir et joie, voici trois expressions qui sont souvent employ\u00e9es l\u2019une \u00e0 la place de l\u2019autre, et qui sont pourtant bien diff\u00e9rentes.<br>En effet, le plaisir n\u2019est pas le bonheur et ne fait pas toujours le bonheur, bien qu\u2019il contribue souvent au bonheur. Le plaisir, c\u2019est \u2026 Lire la suite dans <a href=\"https:\/\/radioespoir.ci\/lacolombe\/produit\/la-colombe-n-204-dec-2020-pdf\/\">La Colombe N\u00b0 204 \u2013 DEC 2020 (PDF)<\/a><\/p>\n","protected":false},"excerpt":{"rendered":"<p>En cette fin d\u2019ann\u00e9e, nous recevrons de nos parents, amis et connaissances des v\u0153ux pour une nouvelle ann\u00e9e prometteuse. Ces<\/p>\n","protected":false},"author":1,"featured_media":2208,"comment_status":"closed","ping_status":"open","sticky":false,"template":"","format":"standard","meta":{"footnotes":""},"categories":[52],"tags":[64],"class_list":["post-2207","post","type-post","status-publish","format-standard","has-post-thumbnail","hentry","category-diocese-en-marche","tag-la-colombe-n-204-dec-2020-pdf"],"jetpack_featured_media_url":"https:\/\/radioespoir.ci\/lacolombe\/wp-content\/uploads\/2020\/12\/Fete_de_fin_d_annee.jpg","_links":{"self":[{"href":"https:\/\/radioespoir.ci\/lacolombe\/wp-json\/wp\/v2\/posts\/2207","targetHints":{"allow":["GET"]}}],"collection":[{"href":"https:\/\/radioespoir.ci\/lacolombe\/wp-json\/wp\/v2\/posts"}],"about":[{"href":"https:\/\/radioespoir.ci\/lacolombe\/wp-json\/wp\/v2\/types\/post"}],"author":[{"embeddable":true,"href":"https:\/\/radioespoir.ci\/lacolombe\/wp-json\/wp\/v2\/users\/1"}],"replies":[{"embeddable":true,"href":"https:\/\/radioespoir.ci\/lacolombe\/wp-json\/wp\/v2\/comments?post=2207"}],"version-history":[{"count":3,"href":"https:\/\/radioespoir.ci\/lacolombe\/wp-json\/wp\/v2\/posts\/2207\/revisions"}],"predecessor-version":[{"id":2214,"href":"https:\/\/radioespoir.ci\/lacolombe\/wp-json\/wp\/v2\/posts\/2207\/revisions\/2214"}],"wp:featuredmedia":[{"embeddable":true,"href":"https:\/\/radioespoir.ci\/lacolombe\/wp-json\/wp\/v2\/media\/2208"}],"wp:attachment":[{"href":"https:\/\/radioespoir.ci\/lacolombe\/wp-json\/wp\/v2\/media?parent=2207"}],"wp:term":[{"taxonomy":"category","embeddable":true,"href":"https:\/\/radioespoir.ci\/lacolombe\/wp-json\/wp\/v2\/categories?post=2207"},{"taxonomy":"post_tag","embeddable":true,"href":"https:\/\/radioespoir.ci\/lacolombe\/wp-json\/wp\/v2\/tags?post=2207"}],"curies":[{"name":"wp","href":"https:\/\/api.w.org\/{rel}","templated":true}]}}