{"id":2173,"date":"2020-12-12T21:08:00","date_gmt":"2020-12-12T21:08:00","guid":{"rendered":"https:\/\/radioespoir.ci\/lacolombe\/?p=2173"},"modified":"2020-12-23T21:20:55","modified_gmt":"2020-12-23T21:20:55","slug":"2173","status":"publish","type":"post","link":"https:\/\/radioespoir.ci\/lacolombe\/2020\/12\/12\/2173\/","title":{"rendered":"Construction de la Cit\u00e9 de la Paix: les Ev\u00eaques sur le chantier"},"content":{"rendered":"\n<p class=\"has-text-align-justify\">Les travaux de construction de la Cit\u00e9 de la Paix ont d\u00e9but\u00e9 apr\u00e8s la b\u00e9n\u00e9diction r\u00e9cemment du site et des entrepreneurs par Mgr Raymond AHOUA, Ev\u00eaque du dioc\u00e8se de Grand Bassam et Pr\u00e9sident du comit\u00e9 de construction de la Conf\u00e9rence des Ev\u00eaques Catholiques de C\u00f4te d\u2019Ivoire. En marge de la rencontre du Conseil Permanent de ladite Conf\u00e9rence, les Ev\u00eaques se sont rendus sur le site pour\u2026 Lire la suite dans <a href=\"https:\/\/radioespoir.ci\/lacolombe\/produit\/la-colombe-n-204-dec-2020-pdf\/\">La Colombe N\u00b0 204 \u2013 DEC 2020 (PDF)<\/a><\/p>\n","protected":false},"excerpt":{"rendered":"<p>Les travaux de construction de la Cit\u00e9 de la Paix ont d\u00e9but\u00e9 apr\u00e8s la b\u00e9n\u00e9diction r\u00e9cemment du site et des<\/p>\n","protected":false},"author":1,"featured_media":2174,"comment_status":"open","ping_status":"open","sticky":false,"template":"","format":"standard","meta":{"footnotes":""},"categories":[45],"tags":[64],"class_list":["post-2173","post","type-post","status-publish","format-standard","has-post-thumbnail","hentry","category-comprendre-leglise","tag-la-colombe-n-204-dec-2020-pdf"],"jetpack_featured_media_url":"https:\/\/radioespoir.ci\/lacolombe\/wp-content\/uploads\/2020\/12\/cite_de_la_paix.jpg","_links":{"self":[{"href":"https:\/\/radioespoir.ci\/lacolombe\/wp-json\/wp\/v2\/posts\/2173","targetHints":{"allow":["GET"]}}],"collection":[{"href":"https:\/\/radioespoir.ci\/lacolombe\/wp-json\/wp\/v2\/posts"}],"about":[{"href":"https:\/\/radioespoir.ci\/lacolombe\/wp-json\/wp\/v2\/types\/post"}],"author":[{"embeddable":true,"href":"https:\/\/radioespoir.ci\/lacolombe\/wp-json\/wp\/v2\/users\/1"}],"replies":[{"embeddable":true,"href":"https:\/\/radioespoir.ci\/lacolombe\/wp-json\/wp\/v2\/comments?post=2173"}],"version-history":[{"count":2,"href":"https:\/\/radioespoir.ci\/lacolombe\/wp-json\/wp\/v2\/posts\/2173\/revisions"}],"predecessor-version":[{"id":2177,"href":"https:\/\/radioespoir.ci\/lacolombe\/wp-json\/wp\/v2\/posts\/2173\/revisions\/2177"}],"wp:featuredmedia":[{"embeddable":true,"href":"https:\/\/radioespoir.ci\/lacolombe\/wp-json\/wp\/v2\/media\/2174"}],"wp:attachment":[{"href":"https:\/\/radioespoir.ci\/lacolombe\/wp-json\/wp\/v2\/media?parent=2173"}],"wp:term":[{"taxonomy":"category","embeddable":true,"href":"https:\/\/radioespoir.ci\/lacolombe\/wp-json\/wp\/v2\/categories?post=2173"},{"taxonomy":"post_tag","embeddable":true,"href":"https:\/\/radioespoir.ci\/lacolombe\/wp-json\/wp\/v2\/tags?post=2173"}],"curies":[{"name":"wp","href":"https:\/\/api.w.org\/{rel}","templated":true}]}}